{"id":56054,"date":"2024-04-16T11:55:45","date_gmt":"2024-04-16T09:55:45","guid":{"rendered":"https:\/\/www.adriabandiere.com\/?p=56054"},"modified":"2024-07-01T09:23:58","modified_gmt":"2024-07-01T07:23:58","slug":"25-aprile-festa-della-liberazione","status":"publish","type":"post","link":"https:\/\/www.adriabandiere.com\/it\/25-aprile-festa-della-liberazione\/","title":{"rendered":"25 Aprile &#8211; Festa della Liberazione"},"content":{"rendered":"\n<p>Il 25 aprile \u00e8 una data di grande importanza per l&#8217;Italia, un giorno in cui il paese celebra la sua liberazione dall&#8217;oppressione fascista durante la Seconda Guerra Mondiale. Questa giornata, conosciuta come la Festa della Liberazione, \u00e8 un momento per riflettere sul coraggio e la determinazione di coloro che hanno lottato per la libert\u00e0 e la democrazia.<\/p>\n\n\n\n<h3 class=\"wp-block-heading\" id=\"h-origini-storiche\">Origini Storiche<\/h3>\n\n\n\n<p>Durante la Seconda Guerra Mondiale, l&#8217;Italia era sotto il dominio del regime fascista guidato da Benito Mussolini. Questo regime aveva instaurato una dittatura autoritaria che limitava le libert\u00e0 civili e politiche dei cittadini italiani. Tuttavia, con l&#8217;avanzare delle forze alleate e la crescente resistenza interna, il regime fascista inizi\u00f2 a vacillare.<\/p>\n\n\n\n<p>Il 25 aprile 1945 segn\u00f2 un momento decisivo nella storia italiana. Le forze partigiane, combattenti della Resistenza Italiana, insieme alle truppe alleate, liberarono diverse citt\u00e0 italiane, tra cui Milano e Torino, dall&#8217;oppressione nazifascista. Questa liberazione segn\u00f2 la fine del regime fascista e apr\u00ec la strada alla ricostruzione dell&#8217;Italia come una repubblica democratica.<\/p>\n\n\n\n<h3 class=\"wp-block-heading\" id=\"h-significato-della-festa-della-liberazione\">Significato della Festa della Liberazione<\/h3>\n\n\n\n<p>La Festa della Liberazione non \u00e8 solo una celebrazione della fine della dittatura fascista, ma \u00e8 anche un momento per onorare coloro che hanno sacrificato le proprie vite nella lotta per la libert\u00e0. Le forze partigiane, composte da uomini e donne di tutte le et\u00e0 e estrazioni sociali, hanno combattuto con coraggio e determinazione contro l&#8217;occupazione nazifascista, spesso a costo della propria vita.<\/p>\n\n\n\n<p>Questa giornata \u00e8 anche un promemoria dell&#8217;importanza della resistenza e della solidariet\u00e0 nella lotta contro l&#8217;oppressione. La Resistenza Italiana ha dimostrato il potere del popolo quando si unisce per difendere i valori fondamentali della libert\u00e0, della giustizia e della democrazia.<\/p>\n\n\n\n<h3 class=\"wp-block-heading\" id=\"h-celebrare-la-festa-della-liberazione\">Celebrare la Festa della Liberazione<\/h3>\n\n\n\n<p>Ogni anno, il 25 aprile, l&#8217;Italia celebra la Festa della Liberazione con eventi commemorativi in tutto il paese. Questi eventi includono cerimonie ufficiali, sfilate, discorsi pubblici e momenti di riflessione presso monumenti e luoghi simbolo della Resistenza. Le scuole insegnano ai giovani l&#8217;importanza storica di questa data, assicurandosi che le generazioni future comprendano il valore della libert\u00e0 e della democrazia.<\/p>\n","protected":false},"excerpt":{"rendered":"<p>Il 25 aprile \u00e8 una data di grande importanza per l&#8217;Italia, un giorno in cui il paese celebra la sua liberazione dall&#8217;oppressione fascista durante la&hellip;<\/p>\n","protected":false},"author":19,"featured_media":54788,"comment_status":"open","ping_status":"open","sticky":false,"template":"","format":"standard","meta":{"_acf_changed":false,"ngg_post_thumbnail":0,"footnotes":""},"categories":[1],"tags":[],"class_list":["post-56054","post","type-post","status-publish","format-standard","has-post-thumbnail","hentry","category-news"],"acf":[],"yoast_head":"<!-- This site is optimized with the Yoast SEO Premium plugin v20.11 (Yoast SEO v20.11) - https:\/\/yoast.com\/wordpress\/plugins\/seo\/ -->\n<title>25 Aprile - Festa della Liberazione - AdriaBandiere<\/title>\n<meta name=\"robots\" content=\"index, follow, max-snippet:-1, max-image-preview:large, max-video-preview:-1\" \/>\n<link rel=\"canonical\" href=\"https:\/\/www.adriabandiere.com\/it\/25-aprile-festa-della-liberazione\/\" \/>\n<meta property=\"og:locale\" content=\"it_IT\" \/>\n<meta property=\"og:type\" content=\"article\" \/>\n<meta property=\"og:title\" content=\"25 Aprile - Festa della Liberazione\" \/>\n<meta property=\"og:description\" content=\"Il 25 aprile \u00e8 una data di grande importanza per l&#8217;Italia, un giorno in cui il paese celebra la sua liberazione dall&#8217;oppressione fascista durante la&hellip;\" \/>\n<meta property=\"og:url\" content=\"https:\/\/www.adriabandiere.com\/it\/25-aprile-festa-della-liberazione\/\" \/>\n<meta property=\"og:site_name\" content=\"Adria Bandiere\" \/>\n<meta property=\"article:published_time\" content=\"2024-04-16T09:55:45+00:00\" \/>\n<meta property=\"article:modified_time\" content=\"2024-07-01T07:23:58+00:00\" \/>\n<meta property=\"og:image\" content=\"https:\/\/www.adriabandiere.com\/wp-content\/uploads\/2023\/04\/italia-3.jpg\" \/>\n\t<meta property=\"og:image:width\" content=\"958\" \/>\n\t<meta property=\"og:image:height\" content=\"844\" \/>\n\t<meta property=\"og:image:type\" content=\"image\/jpeg\" \/>\n<meta name=\"author\" content=\"Gianluca Imperio\" \/>\n<meta name=\"twitter:card\" content=\"summary_large_image\" \/>\n<meta name=\"twitter:label1\" content=\"Scritto da\" \/>\n\t<meta name=\"twitter:data1\" content=\"Gianluca Imperio\" \/>\n\t<meta name=\"twitter:label2\" content=\"Tempo di lettura stimato\" \/>\n\t<meta name=\"twitter:data2\" content=\"2 minuti\" \/>\n<script type=\"application\/ld+json\" class=\"yoast-schema-graph\">{\"@context\":\"https:\/\/schema.org\",\"@graph\":[{\"@type\":\"WebPage\",\"@id\":\"https:\/\/www.adriabandiere.com\/it\/25-aprile-festa-della-liberazione\/\",\"url\":\"https:\/\/www.adriabandiere.com\/it\/25-aprile-festa-della-liberazione\/\",\"name\":\"25 Aprile - Festa della Liberazione - AdriaBandiere\",\"isPartOf\":{\"@id\":\"https:\/\/www.adriabandiere.com\/it\/#website\"},\"datePublished\":\"2024-04-16T09:55:45+00:00\",\"dateModified\":\"2024-07-01T07:23:58+00:00\",\"author\":{\"@id\":\"https:\/\/www.adriabandiere.com\/it\/#\/schema\/person\/51d808b278ffcdf5624f1309ade4bbb9\"},\"inLanguage\":\"it-IT\",\"potentialAction\":[{\"@type\":\"ReadAction\",\"target\":[\"https:\/\/www.adriabandiere.com\/it\/25-aprile-festa-della-liberazione\/\"]}]},{\"@type\":\"WebSite\",\"@id\":\"https:\/\/www.adriabandiere.com\/it\/#website\",\"url\":\"https:\/\/www.adriabandiere.com\/it\/\",\"name\":\"Adria Bandiere\",\"description\":\"\",\"potentialAction\":[{\"@type\":\"SearchAction\",\"target\":{\"@type\":\"EntryPoint\",\"urlTemplate\":\"https:\/\/www.adriabandiere.com\/it\/?s={search_term_string}\"},\"query-input\":\"required name=search_term_string\"}],\"inLanguage\":\"it-IT\"},{\"@type\":\"Person\",\"@id\":\"https:\/\/www.adriabandiere.com\/it\/#\/schema\/person\/51d808b278ffcdf5624f1309ade4bbb9\",\"name\":\"Gianluca Imperio\",\"image\":{\"@type\":\"ImageObject\",\"inLanguage\":\"it-IT\",\"@id\":\"https:\/\/www.adriabandiere.com\/it\/#\/schema\/person\/image\/\",\"url\":\"https:\/\/secure.gravatar.com\/avatar\/7087ee19eddfea4dba01e6c0909fc49fa67d063ae41e5b3f382a2d2ee250dcdb?s=96&d=mm&r=g\",\"contentUrl\":\"https:\/\/secure.gravatar.com\/avatar\/7087ee19eddfea4dba01e6c0909fc49fa67d063ae41e5b3f382a2d2ee250dcdb?s=96&d=mm&r=g\",\"caption\":\"Gianluca Imperio\"}}]}<\/script>\n<!-- \/ Yoast SEO Premium plugin. -->","yoast_head_json":{"title":"25 Aprile - Festa della Liberazione - AdriaBandiere","robots":{"index":"index","follow":"follow","max-snippet":"max-snippet:-1","max-image-preview":"max-image-preview:large","max-video-preview":"max-video-preview:-1"},"canonical":"https:\/\/www.adriabandiere.com\/it\/25-aprile-festa-della-liberazione\/","og_locale":"it_IT","og_type":"article","og_title":"25 Aprile - Festa della Liberazione","og_description":"Il 25 aprile \u00e8 una data di grande importanza per l&#8217;Italia, un giorno in cui il paese celebra la sua liberazione dall&#8217;oppressione fascista durante la&hellip;","og_url":"https:\/\/www.adriabandiere.com\/it\/25-aprile-festa-della-liberazione\/","og_site_name":"Adria Bandiere","article_published_time":"2024-04-16T09:55:45+00:00","article_modified_time":"2024-07-01T07:23:58+00:00","og_image":[{"width":958,"height":844,"url":"https:\/\/www.adriabandiere.com\/wp-content\/uploads\/2023\/04\/italia-3.jpg","type":"image\/jpeg"}],"author":"Gianluca Imperio","twitter_card":"summary_large_image","twitter_misc":{"Scritto da":"Gianluca Imperio","Tempo di lettura stimato":"2 minuti"},"schema":{"@context":"https:\/\/schema.org","@graph":[{"@type":"WebPage","@id":"https:\/\/www.adriabandiere.com\/it\/25-aprile-festa-della-liberazione\/","url":"https:\/\/www.adriabandiere.com\/it\/25-aprile-festa-della-liberazione\/","name":"25 Aprile - Festa della Liberazione - AdriaBandiere","isPartOf":{"@id":"https:\/\/www.adriabandiere.com\/it\/#website"},"datePublished":"2024-04-16T09:55:45+00:00","dateModified":"2024-07-01T07:23:58+00:00","author":{"@id":"https:\/\/www.adriabandiere.com\/it\/#\/schema\/person\/51d808b278ffcdf5624f1309ade4bbb9"},"inLanguage":"it-IT","potentialAction":[{"@type":"ReadAction","target":["https:\/\/www.adriabandiere.com\/it\/25-aprile-festa-della-liberazione\/"]}]},{"@type":"WebSite","@id":"https:\/\/www.adriabandiere.com\/it\/#website","url":"https:\/\/www.adriabandiere.com\/it\/","name":"Adria Bandiere","description":"","potentialAction":[{"@type":"SearchAction","target":{"@type":"EntryPoint","urlTemplate":"https:\/\/www.adriabandiere.com\/it\/?s={search_term_string}"},"query-input":"required name=search_term_string"}],"inLanguage":"it-IT"},{"@type":"Person","@id":"https:\/\/www.adriabandiere.com\/it\/#\/schema\/person\/51d808b278ffcdf5624f1309ade4bbb9","name":"Gianluca Imperio","image":{"@type":"ImageObject","inLanguage":"it-IT","@id":"https:\/\/www.adriabandiere.com\/it\/#\/schema\/person\/image\/","url":"https:\/\/secure.gravatar.com\/avatar\/7087ee19eddfea4dba01e6c0909fc49fa67d063ae41e5b3f382a2d2ee250dcdb?s=96&d=mm&r=g","contentUrl":"https:\/\/secure.gravatar.com\/avatar\/7087ee19eddfea4dba01e6c0909fc49fa67d063ae41e5b3f382a2d2ee250dcdb?s=96&d=mm&r=g","caption":"Gianluca Imperio"}}]}},"_links":{"self":[{"href":"https:\/\/www.adriabandiere.com\/it\/wp-json\/wp\/v2\/posts\/56054","targetHints":{"allow":["GET"]}}],"collection":[{"href":"https:\/\/www.adriabandiere.com\/it\/wp-json\/wp\/v2\/posts"}],"about":[{"href":"https:\/\/www.adriabandiere.com\/it\/wp-json\/wp\/v2\/types\/post"}],"author":[{"embeddable":true,"href":"https:\/\/www.adriabandiere.com\/it\/wp-json\/wp\/v2\/users\/19"}],"replies":[{"embeddable":true,"href":"https:\/\/www.adriabandiere.com\/it\/wp-json\/wp\/v2\/comments?post=56054"}],"version-history":[{"count":1,"href":"https:\/\/www.adriabandiere.com\/it\/wp-json\/wp\/v2\/posts\/56054\/revisions"}],"predecessor-version":[{"id":56056,"href":"https:\/\/www.adriabandiere.com\/it\/wp-json\/wp\/v2\/posts\/56054\/revisions\/56056"}],"wp:featuredmedia":[{"embeddable":true,"href":"https:\/\/www.adriabandiere.com\/it\/wp-json\/wp\/v2\/media\/54788"}],"wp:attachment":[{"href":"https:\/\/www.adriabandiere.com\/it\/wp-json\/wp\/v2\/media?parent=56054"}],"wp:term":[{"taxonomy":"category","embeddable":true,"href":"https:\/\/www.adriabandiere.com\/it\/wp-json\/wp\/v2\/categories?post=56054"},{"taxonomy":"post_tag","embeddable":true,"href":"https:\/\/www.adriabandiere.com\/it\/wp-json\/wp\/v2\/tags?post=56054"}],"curies":[{"name":"wp","href":"https:\/\/api.w.org\/{rel}","templated":true}]}}