{"id":47853,"date":"2020-03-11T12:28:00","date_gmt":"2020-03-11T11:28:00","guid":{"rendered":"https:\/\/labs.giamaica.app\/webit\/adriabandiere.com\/masques-de-protection-en-production-continue\/"},"modified":"2021-02-01T16:37:36","modified_gmt":"2021-02-01T15:37:36","slug":"masques-de-protection-en-production-continue","status":"publish","type":"post","link":"https:\/\/www.adriabandiere.com\/fr\/masques-de-protection-en-production-continue\/","title":{"rendered":"Masques de protection en production continue"},"content":{"rendered":"\n<h2 class=\"wp-block-heading\">Masques en tissu <\/h2>\n\n\n\n<p class=\"has-normal-font-size\">Nous mettons le<strong> masques de protection<\/strong><strong> en tissu<\/strong> 100% polyester, r\u00e9utilisable. Ils sont lavables,<strong> d\u00e9sinfectable et d\u00e9sinfectable<\/strong> , mais sans surveillance m\u00e9dicale.<\/p>\n\n\n\n<p class=\"has-normal-font-size\"><strong>Nous produisons<\/strong> \u00e0 un rythme rapide pour satisfaire toutes les demandes! <\/p>\n\n\n\n<p class=\"has-normal-font-size\"><a href=\"https:\/\/www.adriabandiere.com\/contatti\/\" target=\"_blank\" rel=\"noreferrer noopener\">\u00c9crivez-nous si vous \u00eates int\u00e9ress\u00e9 &#8230;&#8230;&#8230;.<\/a><\/p>\n\n\n\n<p><\/p>\n","protected":false},"excerpt":{"rendered":"<p>masques de protection en tissu<\/p>\n","protected":false},"author":19,"featured_media":47859,"comment_status":"open","ping_status":"open","sticky":false,"template":"","format":"standard","meta":{"_acf_changed":false,"ngg_post_thumbnail":0,"footnotes":""},"categories":[409],"tags":[],"class_list":["post-47853","post","type-post","status-publish","format-standard","has-post-thumbnail","hentry","category-nouvelles"],"acf":[],"yoast_head":"<!-- This site is optimized with the Yoast SEO Premium plugin v20.11 (Yoast SEO v20.11) - https:\/\/yoast.com\/wordpress\/plugins\/seo\/ -->\n<title>Nos masques de protection en tissu polyester r\u00e9utilisable<\/title>\n<meta name=\"description\" content=\"Faisons face \u00e0 l&#039;urgence ensemble! Nous disposons de masques de protection de notre production en tissu lavable, ce ne sont pas des dispositifs m\u00e9dicaux.\" \/>\n<meta name=\"robots\" content=\"index, follow, max-snippet:-1, max-image-preview:large, max-video-preview:-1\" \/>\n<link rel=\"canonical\" href=\"https:\/\/www.adriabandiere.com\/fr\/masques-de-protection-en-production-continue\/\" \/>\n<meta property=\"og:locale\" content=\"fr_FR\" \/>\n<meta property=\"og:type\" content=\"article\" \/>\n<meta property=\"og:title\" content=\"Masques de protection en production continue\" \/>\n<meta property=\"og:description\" content=\"Faisons face \u00e0 l&#039;urgence ensemble! Nous disposons de masques de protection de notre production en tissu lavable, ce ne sont pas des dispositifs m\u00e9dicaux.\" \/>\n<meta property=\"og:url\" content=\"https:\/\/www.adriabandiere.com\/fr\/masques-de-protection-en-production-continue\/\" \/>\n<meta property=\"og:site_name\" content=\"Adria Bandiere\" \/>\n<meta property=\"article:published_time\" content=\"2020-03-11T11:28:00+00:00\" \/>\n<meta property=\"article:modified_time\" content=\"2021-02-01T15:37:36+00:00\" \/>\n<meta property=\"og:image\" content=\"https:\/\/www.adriabandiere.com\/wp-content\/uploads\/2020\/03\/mascherina-6-scaled-1-1.jpg\" \/>\n\t<meta property=\"og:image:width\" content=\"1920\" \/>\n\t<meta property=\"og:image:height\" content=\"2560\" \/>\n\t<meta property=\"og:image:type\" content=\"image\/jpeg\" \/>\n<meta name=\"author\" content=\"Gianluca Imperio\" \/>\n<meta name=\"twitter:card\" content=\"summary_large_image\" \/>\n<meta name=\"twitter:label1\" content=\"\u00c9crit par\" \/>\n\t<meta name=\"twitter:data1\" content=\"Gianluca Imperio\" \/>\n\t<meta name=\"twitter:label2\" content=\"Dur\u00e9e de lecture estim\u00e9e\" \/>\n\t<meta name=\"twitter:data2\" content=\"1 minute\" \/>\n<script type=\"application\/ld+json\" class=\"yoast-schema-graph\">{\"@context\":\"https:\/\/schema.org\",\"@graph\":[{\"@type\":\"WebPage\",\"@id\":\"https:\/\/www.adriabandiere.com\/fr\/masques-de-protection-en-production-continue\/\",\"url\":\"https:\/\/www.adriabandiere.com\/fr\/masques-de-protection-en-production-continue\/\",\"name\":\"Nos masques de protection en tissu polyester r\u00e9utilisable\",\"isPartOf\":{\"@id\":\"https:\/\/www.adriabandiere.com\/fr\/#website\"},\"datePublished\":\"2020-03-11T11:28:00+00:00\",\"dateModified\":\"2021-02-01T15:37:36+00:00\",\"author\":{\"@id\":\"https:\/\/www.adriabandiere.com\/fr\/#\/schema\/person\/51d808b278ffcdf5624f1309ade4bbb9\"},\"description\":\"Faisons face \u00e0 l'urgence ensemble! Nous disposons de masques de protection de notre production en tissu lavable, ce ne sont pas des dispositifs m\u00e9dicaux.\",\"inLanguage\":\"fr-FR\",\"potentialAction\":[{\"@type\":\"ReadAction\",\"target\":[\"https:\/\/www.adriabandiere.com\/fr\/masques-de-protection-en-production-continue\/\"]}]},{\"@type\":\"WebSite\",\"@id\":\"https:\/\/www.adriabandiere.com\/fr\/#website\",\"url\":\"https:\/\/www.adriabandiere.com\/fr\/\",\"name\":\"Adria Bandiere\",\"description\":\"\",\"potentialAction\":[{\"@type\":\"SearchAction\",\"target\":{\"@type\":\"EntryPoint\",\"urlTemplate\":\"https:\/\/www.adriabandiere.com\/fr\/?s={search_term_string}\"},\"query-input\":\"required name=search_term_string\"}],\"inLanguage\":\"fr-FR\"},{\"@type\":\"Person\",\"@id\":\"https:\/\/www.adriabandiere.com\/fr\/#\/schema\/person\/51d808b278ffcdf5624f1309ade4bbb9\",\"name\":\"Gianluca Imperio\",\"image\":{\"@type\":\"ImageObject\",\"inLanguage\":\"fr-FR\",\"@id\":\"https:\/\/www.adriabandiere.com\/fr\/#\/schema\/person\/image\/\",\"url\":\"https:\/\/secure.gravatar.com\/avatar\/7087ee19eddfea4dba01e6c0909fc49fa67d063ae41e5b3f382a2d2ee250dcdb?s=96&d=mm&r=g\",\"contentUrl\":\"https:\/\/secure.gravatar.com\/avatar\/7087ee19eddfea4dba01e6c0909fc49fa67d063ae41e5b3f382a2d2ee250dcdb?s=96&d=mm&r=g\",\"caption\":\"Gianluca Imperio\"}}]}<\/script>\n<!-- \/ Yoast SEO Premium plugin. -->","yoast_head_json":{"title":"Nos masques de protection en tissu polyester r\u00e9utilisable","description":"Faisons face \u00e0 l'urgence ensemble! Nous disposons de masques de protection de notre production en tissu lavable, ce ne sont pas des dispositifs m\u00e9dicaux.","robots":{"index":"index","follow":"follow","max-snippet":"max-snippet:-1","max-image-preview":"max-image-preview:large","max-video-preview":"max-video-preview:-1"},"canonical":"https:\/\/www.adriabandiere.com\/fr\/masques-de-protection-en-production-continue\/","og_locale":"fr_FR","og_type":"article","og_title":"Masques de protection en production continue","og_description":"Faisons face \u00e0 l'urgence ensemble! Nous disposons de masques de protection de notre production en tissu lavable, ce ne sont pas des dispositifs m\u00e9dicaux.","og_url":"https:\/\/www.adriabandiere.com\/fr\/masques-de-protection-en-production-continue\/","og_site_name":"Adria Bandiere","article_published_time":"2020-03-11T11:28:00+00:00","article_modified_time":"2021-02-01T15:37:36+00:00","og_image":[{"width":1920,"height":2560,"url":"https:\/\/www.adriabandiere.com\/wp-content\/uploads\/2020\/03\/mascherina-6-scaled-1-1.jpg","type":"image\/jpeg"}],"author":"Gianluca Imperio","twitter_card":"summary_large_image","twitter_misc":{"\u00c9crit par":"Gianluca Imperio","Dur\u00e9e de lecture estim\u00e9e":"1 minute"},"schema":{"@context":"https:\/\/schema.org","@graph":[{"@type":"WebPage","@id":"https:\/\/www.adriabandiere.com\/fr\/masques-de-protection-en-production-continue\/","url":"https:\/\/www.adriabandiere.com\/fr\/masques-de-protection-en-production-continue\/","name":"Nos masques de protection en tissu polyester r\u00e9utilisable","isPartOf":{"@id":"https:\/\/www.adriabandiere.com\/fr\/#website"},"datePublished":"2020-03-11T11:28:00+00:00","dateModified":"2021-02-01T15:37:36+00:00","author":{"@id":"https:\/\/www.adriabandiere.com\/fr\/#\/schema\/person\/51d808b278ffcdf5624f1309ade4bbb9"},"description":"Faisons face \u00e0 l'urgence ensemble! Nous disposons de masques de protection de notre production en tissu lavable, ce ne sont pas des dispositifs m\u00e9dicaux.","inLanguage":"fr-FR","potentialAction":[{"@type":"ReadAction","target":["https:\/\/www.adriabandiere.com\/fr\/masques-de-protection-en-production-continue\/"]}]},{"@type":"WebSite","@id":"https:\/\/www.adriabandiere.com\/fr\/#website","url":"https:\/\/www.adriabandiere.com\/fr\/","name":"Adria Bandiere","description":"","potentialAction":[{"@type":"SearchAction","target":{"@type":"EntryPoint","urlTemplate":"https:\/\/www.adriabandiere.com\/fr\/?s={search_term_string}"},"query-input":"required name=search_term_string"}],"inLanguage":"fr-FR"},{"@type":"Person","@id":"https:\/\/www.adriabandiere.com\/fr\/#\/schema\/person\/51d808b278ffcdf5624f1309ade4bbb9","name":"Gianluca Imperio","image":{"@type":"ImageObject","inLanguage":"fr-FR","@id":"https:\/\/www.adriabandiere.com\/fr\/#\/schema\/person\/image\/","url":"https:\/\/secure.gravatar.com\/avatar\/7087ee19eddfea4dba01e6c0909fc49fa67d063ae41e5b3f382a2d2ee250dcdb?s=96&d=mm&r=g","contentUrl":"https:\/\/secure.gravatar.com\/avatar\/7087ee19eddfea4dba01e6c0909fc49fa67d063ae41e5b3f382a2d2ee250dcdb?s=96&d=mm&r=g","caption":"Gianluca Imperio"}}]}},"_links":{"self":[{"href":"https:\/\/www.adriabandiere.com\/fr\/wp-json\/wp\/v2\/posts\/47853","targetHints":{"allow":["GET"]}}],"collection":[{"href":"https:\/\/www.adriabandiere.com\/fr\/wp-json\/wp\/v2\/posts"}],"about":[{"href":"https:\/\/www.adriabandiere.com\/fr\/wp-json\/wp\/v2\/types\/post"}],"author":[{"embeddable":true,"href":"https:\/\/www.adriabandiere.com\/fr\/wp-json\/wp\/v2\/users\/19"}],"replies":[{"embeddable":true,"href":"https:\/\/www.adriabandiere.com\/fr\/wp-json\/wp\/v2\/comments?post=47853"}],"version-history":[{"count":2,"href":"https:\/\/www.adriabandiere.com\/fr\/wp-json\/wp\/v2\/posts\/47853\/revisions"}],"predecessor-version":[{"id":52640,"href":"https:\/\/www.adriabandiere.com\/fr\/wp-json\/wp\/v2\/posts\/47853\/revisions\/52640"}],"wp:featuredmedia":[{"embeddable":true,"href":"https:\/\/www.adriabandiere.com\/fr\/wp-json\/wp\/v2\/media\/47859"}],"wp:attachment":[{"href":"https:\/\/www.adriabandiere.com\/fr\/wp-json\/wp\/v2\/media?parent=47853"}],"wp:term":[{"taxonomy":"category","embeddable":true,"href":"https:\/\/www.adriabandiere.com\/fr\/wp-json\/wp\/v2\/categories?post=47853"},{"taxonomy":"post_tag","embeddable":true,"href":"https:\/\/www.adriabandiere.com\/fr\/wp-json\/wp\/v2\/tags?post=47853"}],"curies":[{"name":"wp","href":"https:\/\/api.w.org\/{rel}","templated":true}]}}