{"id":47537,"date":"2019-01-08T12:22:00","date_gmt":"2019-01-08T11:22:00","guid":{"rendered":"https:\/\/labs.giamaica.app\/webit\/adriabandiere.com\/drapeaux-adria-pour-cesenatico-classica\/"},"modified":"2021-02-02T09:27:26","modified_gmt":"2021-02-02T08:27:26","slug":"drapeaux-adria-pour-cesenatico-classica","status":"publish","type":"post","link":"https:\/\/www.adriabandiere.com\/fr\/drapeaux-adria-pour-cesenatico-classica\/","title":{"rendered":"Adria Bandiere pour \u00ab\u00a0Cesenatico Classica\u00a0\u00bb"},"content":{"rendered":"<p>Cette ann\u00e9e \u00e9galement, nous avons le plaisir de pouvoir contribuer \u00e0 la huiti\u00e8me \u00e9dition du \u00ab\u00a0Cesenatico Classica\u00a0\u00bb, une s\u00e9rie de concerts musicaux qui se tiendront au Th\u00e9\u00e2tre Municipal de Cesenatico pendant les mois de janvier et f\u00e9vrier.<br \/>\nUn moment unique et presque irrempla\u00e7able!<br \/>\nCi-dessous, l&rsquo;affiche avec les jours et les heures!<\/p>\n","protected":false},"excerpt":{"rendered":"<p>Cette ann\u00e9e \u00e9galement, nous avons le plaisir de pouvoir contribuer \u00e0 la huiti\u00e8me \u00e9dition du \u00ab\u00a0Cesenatico Classica\u00a0\u00bb, une s\u00e9rie de concerts musicaux qui se tiendront&hellip;<\/p>\n","protected":false},"author":19,"featured_media":47538,"comment_status":"open","ping_status":"open","sticky":false,"template":"","format":"standard","meta":{"_acf_changed":false,"ngg_post_thumbnail":0,"footnotes":""},"categories":[409],"tags":[],"class_list":["post-47537","post","type-post","status-publish","format-standard","has-post-thumbnail","hentry","category-nouvelles"],"acf":[],"yoast_head":"<!-- This site is optimized with the Yoast SEO Premium plugin v20.11 (Yoast SEO v20.11) - https:\/\/yoast.com\/wordpress\/plugins\/seo\/ -->\n<title>Adria Bandiere pour &quot;Cesenatico Classica&quot; - AdriaBandiere<\/title>\n<meta name=\"robots\" content=\"index, follow, max-snippet:-1, max-image-preview:large, max-video-preview:-1\" \/>\n<link rel=\"canonical\" href=\"https:\/\/www.adriabandiere.com\/fr\/drapeaux-adria-pour-cesenatico-classica\/\" \/>\n<meta property=\"og:locale\" content=\"fr_FR\" \/>\n<meta property=\"og:type\" content=\"article\" \/>\n<meta property=\"og:title\" content=\"Adria Bandiere pour &quot;Cesenatico Classica&quot;\" \/>\n<meta property=\"og:description\" content=\"Cette ann\u00e9e \u00e9galement, nous avons le plaisir de pouvoir contribuer \u00e0 la huiti\u00e8me \u00e9dition du \u00ab\u00a0Cesenatico Classica\u00a0\u00bb, une s\u00e9rie de concerts musicaux qui se tiendront&hellip;\" \/>\n<meta property=\"og:url\" content=\"https:\/\/www.adriabandiere.com\/fr\/drapeaux-adria-pour-cesenatico-classica\/\" \/>\n<meta property=\"og:site_name\" content=\"Adria Bandiere\" \/>\n<meta property=\"article:published_time\" content=\"2019-01-08T11:22:00+00:00\" \/>\n<meta property=\"article:modified_time\" content=\"2021-02-02T08:27:26+00:00\" \/>\n<meta property=\"og:image\" content=\"https:\/\/www.adriabandiere.com\/wp-content\/uploads\/2019\/01\/locandina.png\" \/>\n\t<meta property=\"og:image:width\" content=\"728\" \/>\n\t<meta property=\"og:image:height\" content=\"1058\" \/>\n\t<meta property=\"og:image:type\" content=\"image\/png\" \/>\n<meta name=\"author\" content=\"Gianluca Imperio\" \/>\n<meta name=\"twitter:card\" content=\"summary_large_image\" \/>\n<meta name=\"twitter:label1\" content=\"\u00c9crit par\" \/>\n\t<meta name=\"twitter:data1\" content=\"Gianluca Imperio\" \/>\n\t<meta name=\"twitter:label2\" content=\"Dur\u00e9e de lecture estim\u00e9e\" \/>\n\t<meta name=\"twitter:data2\" content=\"1 minute\" \/>\n<script type=\"application\/ld+json\" class=\"yoast-schema-graph\">{\"@context\":\"https:\/\/schema.org\",\"@graph\":[{\"@type\":\"WebPage\",\"@id\":\"https:\/\/www.adriabandiere.com\/fr\/drapeaux-adria-pour-cesenatico-classica\/\",\"url\":\"https:\/\/www.adriabandiere.com\/fr\/drapeaux-adria-pour-cesenatico-classica\/\",\"name\":\"Adria Bandiere pour \\\"Cesenatico Classica\\\" - AdriaBandiere\",\"isPartOf\":{\"@id\":\"https:\/\/www.adriabandiere.com\/fr\/#website\"},\"datePublished\":\"2019-01-08T11:22:00+00:00\",\"dateModified\":\"2021-02-02T08:27:26+00:00\",\"author\":{\"@id\":\"https:\/\/www.adriabandiere.com\/fr\/#\/schema\/person\/51d808b278ffcdf5624f1309ade4bbb9\"},\"inLanguage\":\"fr-FR\",\"potentialAction\":[{\"@type\":\"ReadAction\",\"target\":[\"https:\/\/www.adriabandiere.com\/fr\/drapeaux-adria-pour-cesenatico-classica\/\"]}]},{\"@type\":\"WebSite\",\"@id\":\"https:\/\/www.adriabandiere.com\/fr\/#website\",\"url\":\"https:\/\/www.adriabandiere.com\/fr\/\",\"name\":\"Adria Bandiere\",\"description\":\"\",\"potentialAction\":[{\"@type\":\"SearchAction\",\"target\":{\"@type\":\"EntryPoint\",\"urlTemplate\":\"https:\/\/www.adriabandiere.com\/fr\/?s={search_term_string}\"},\"query-input\":\"required name=search_term_string\"}],\"inLanguage\":\"fr-FR\"},{\"@type\":\"Person\",\"@id\":\"https:\/\/www.adriabandiere.com\/fr\/#\/schema\/person\/51d808b278ffcdf5624f1309ade4bbb9\",\"name\":\"Gianluca Imperio\",\"image\":{\"@type\":\"ImageObject\",\"inLanguage\":\"fr-FR\",\"@id\":\"https:\/\/www.adriabandiere.com\/fr\/#\/schema\/person\/image\/\",\"url\":\"https:\/\/secure.gravatar.com\/avatar\/7087ee19eddfea4dba01e6c0909fc49fa67d063ae41e5b3f382a2d2ee250dcdb?s=96&d=mm&r=g\",\"contentUrl\":\"https:\/\/secure.gravatar.com\/avatar\/7087ee19eddfea4dba01e6c0909fc49fa67d063ae41e5b3f382a2d2ee250dcdb?s=96&d=mm&r=g\",\"caption\":\"Gianluca Imperio\"}}]}<\/script>\n<!-- \/ Yoast SEO Premium plugin. -->","yoast_head_json":{"title":"Adria Bandiere pour \"Cesenatico Classica\" - AdriaBandiere","robots":{"index":"index","follow":"follow","max-snippet":"max-snippet:-1","max-image-preview":"max-image-preview:large","max-video-preview":"max-video-preview:-1"},"canonical":"https:\/\/www.adriabandiere.com\/fr\/drapeaux-adria-pour-cesenatico-classica\/","og_locale":"fr_FR","og_type":"article","og_title":"Adria Bandiere pour \"Cesenatico Classica\"","og_description":"Cette ann\u00e9e \u00e9galement, nous avons le plaisir de pouvoir contribuer \u00e0 la huiti\u00e8me \u00e9dition du \u00ab\u00a0Cesenatico Classica\u00a0\u00bb, une s\u00e9rie de concerts musicaux qui se tiendront&hellip;","og_url":"https:\/\/www.adriabandiere.com\/fr\/drapeaux-adria-pour-cesenatico-classica\/","og_site_name":"Adria Bandiere","article_published_time":"2019-01-08T11:22:00+00:00","article_modified_time":"2021-02-02T08:27:26+00:00","og_image":[{"width":728,"height":1058,"url":"https:\/\/www.adriabandiere.com\/wp-content\/uploads\/2019\/01\/locandina.png","type":"image\/png"}],"author":"Gianluca Imperio","twitter_card":"summary_large_image","twitter_misc":{"\u00c9crit par":"Gianluca Imperio","Dur\u00e9e de lecture estim\u00e9e":"1 minute"},"schema":{"@context":"https:\/\/schema.org","@graph":[{"@type":"WebPage","@id":"https:\/\/www.adriabandiere.com\/fr\/drapeaux-adria-pour-cesenatico-classica\/","url":"https:\/\/www.adriabandiere.com\/fr\/drapeaux-adria-pour-cesenatico-classica\/","name":"Adria Bandiere pour \"Cesenatico Classica\" - AdriaBandiere","isPartOf":{"@id":"https:\/\/www.adriabandiere.com\/fr\/#website"},"datePublished":"2019-01-08T11:22:00+00:00","dateModified":"2021-02-02T08:27:26+00:00","author":{"@id":"https:\/\/www.adriabandiere.com\/fr\/#\/schema\/person\/51d808b278ffcdf5624f1309ade4bbb9"},"inLanguage":"fr-FR","potentialAction":[{"@type":"ReadAction","target":["https:\/\/www.adriabandiere.com\/fr\/drapeaux-adria-pour-cesenatico-classica\/"]}]},{"@type":"WebSite","@id":"https:\/\/www.adriabandiere.com\/fr\/#website","url":"https:\/\/www.adriabandiere.com\/fr\/","name":"Adria Bandiere","description":"","potentialAction":[{"@type":"SearchAction","target":{"@type":"EntryPoint","urlTemplate":"https:\/\/www.adriabandiere.com\/fr\/?s={search_term_string}"},"query-input":"required name=search_term_string"}],"inLanguage":"fr-FR"},{"@type":"Person","@id":"https:\/\/www.adriabandiere.com\/fr\/#\/schema\/person\/51d808b278ffcdf5624f1309ade4bbb9","name":"Gianluca Imperio","image":{"@type":"ImageObject","inLanguage":"fr-FR","@id":"https:\/\/www.adriabandiere.com\/fr\/#\/schema\/person\/image\/","url":"https:\/\/secure.gravatar.com\/avatar\/7087ee19eddfea4dba01e6c0909fc49fa67d063ae41e5b3f382a2d2ee250dcdb?s=96&d=mm&r=g","contentUrl":"https:\/\/secure.gravatar.com\/avatar\/7087ee19eddfea4dba01e6c0909fc49fa67d063ae41e5b3f382a2d2ee250dcdb?s=96&d=mm&r=g","caption":"Gianluca Imperio"}}]}},"_links":{"self":[{"href":"https:\/\/www.adriabandiere.com\/fr\/wp-json\/wp\/v2\/posts\/47537","targetHints":{"allow":["GET"]}}],"collection":[{"href":"https:\/\/www.adriabandiere.com\/fr\/wp-json\/wp\/v2\/posts"}],"about":[{"href":"https:\/\/www.adriabandiere.com\/fr\/wp-json\/wp\/v2\/types\/post"}],"author":[{"embeddable":true,"href":"https:\/\/www.adriabandiere.com\/fr\/wp-json\/wp\/v2\/users\/19"}],"replies":[{"embeddable":true,"href":"https:\/\/www.adriabandiere.com\/fr\/wp-json\/wp\/v2\/comments?post=47537"}],"version-history":[{"count":1,"href":"https:\/\/www.adriabandiere.com\/fr\/wp-json\/wp\/v2\/posts\/47537\/revisions"}],"predecessor-version":[{"id":52776,"href":"https:\/\/www.adriabandiere.com\/fr\/wp-json\/wp\/v2\/posts\/47537\/revisions\/52776"}],"wp:featuredmedia":[{"embeddable":true,"href":"https:\/\/www.adriabandiere.com\/fr\/wp-json\/wp\/v2\/media\/47538"}],"wp:attachment":[{"href":"https:\/\/www.adriabandiere.com\/fr\/wp-json\/wp\/v2\/media?parent=47537"}],"wp:term":[{"taxonomy":"category","embeddable":true,"href":"https:\/\/www.adriabandiere.com\/fr\/wp-json\/wp\/v2\/categories?post=47537"},{"taxonomy":"post_tag","embeddable":true,"href":"https:\/\/www.adriabandiere.com\/fr\/wp-json\/wp\/v2\/tags?post=47537"}],"curies":[{"name":"wp","href":"https:\/\/api.w.org\/{rel}","templated":true}]}}