{"id":47171,"date":"2018-01-16T12:16:00","date_gmt":"2018-01-16T11:16:00","guid":{"rendered":"https:\/\/labs.giamaica.app\/webit\/adriabandiere.com\/pte-2018\/"},"modified":"2021-02-02T10:57:52","modified_gmt":"2021-02-02T09:57:52","slug":"pte-2018","status":"publish","type":"post","link":"https:\/\/www.adriabandiere.com\/fr\/pte-2018\/","title":{"rendered":"PTE 2018"},"content":{"rendered":"<p>C&rsquo;est avec grand plaisir que nous informons nos clients que nous serons \u00e0 nouveau pr\u00e9sents cette ann\u00e9e, du 24 au 26 janvier 2018, au PTE de Milan, un \u00e9v\u00e9nement international d\u00e9di\u00e9 aux textiles promotionnels, aux objets publicitaires et aux machines de personnalisation.<\/p>\n<p>Notre stand sera num. B25 dans le hall 3.<\/p>\n<p>Venez nous rendre visite!<\/p>\n","protected":false},"excerpt":{"rendered":"<p>C&rsquo;est avec grand plaisir que nous informons nos clients que nous serons \u00e0 nouveau pr\u00e9sents cette ann\u00e9e, du 24 au 26 janvier 2018, au PTE&hellip;<\/p>\n","protected":false},"author":19,"featured_media":47172,"comment_status":"open","ping_status":"open","sticky":false,"template":"","format":"standard","meta":{"_acf_changed":false,"ngg_post_thumbnail":0,"footnotes":""},"categories":[37],"tags":[],"class_list":["post-47171","post","type-post","status-publish","format-standard","has-post-thumbnail","hentry","category-eventi-e-fiere"],"acf":[],"yoast_head":"<!-- This site is optimized with the Yoast SEO Premium plugin v20.11 (Yoast SEO v20.11) - https:\/\/yoast.com\/wordpress\/plugins\/seo\/ -->\n<title>PTE 2018 - AdriaBandiere<\/title>\n<meta name=\"robots\" content=\"index, follow, max-snippet:-1, max-image-preview:large, max-video-preview:-1\" \/>\n<link rel=\"canonical\" href=\"https:\/\/www.adriabandiere.com\/fr\/pte-2018\/\" \/>\n<meta property=\"og:locale\" content=\"fr_FR\" \/>\n<meta property=\"og:type\" content=\"article\" \/>\n<meta property=\"og:title\" content=\"PTE 2018\" \/>\n<meta property=\"og:description\" content=\"C&rsquo;est avec grand plaisir que nous informons nos clients que nous serons \u00e0 nouveau pr\u00e9sents cette ann\u00e9e, du 24 au 26 janvier 2018, au PTE&hellip;\" \/>\n<meta property=\"og:url\" content=\"https:\/\/www.adriabandiere.com\/fr\/pte-2018\/\" \/>\n<meta property=\"og:site_name\" content=\"Adria Bandiere\" \/>\n<meta property=\"article:published_time\" content=\"2018-01-16T11:16:00+00:00\" \/>\n<meta property=\"article:modified_time\" content=\"2021-02-02T09:57:52+00:00\" \/>\n<meta property=\"og:image\" content=\"https:\/\/www.adriabandiere.com\/wp-content\/uploads\/2018\/01\/pte-milano.png\" \/>\n\t<meta property=\"og:image:width\" content=\"1283\" \/>\n\t<meta property=\"og:image:height\" content=\"826\" \/>\n\t<meta property=\"og:image:type\" content=\"image\/png\" \/>\n<meta name=\"author\" content=\"Gianluca Imperio\" \/>\n<meta name=\"twitter:card\" content=\"summary_large_image\" \/>\n<meta name=\"twitter:label1\" content=\"\u00c9crit par\" \/>\n\t<meta name=\"twitter:data1\" content=\"Gianluca Imperio\" \/>\n\t<meta name=\"twitter:label2\" content=\"Dur\u00e9e de lecture estim\u00e9e\" \/>\n\t<meta name=\"twitter:data2\" content=\"1 minute\" \/>\n<script type=\"application\/ld+json\" class=\"yoast-schema-graph\">{\"@context\":\"https:\/\/schema.org\",\"@graph\":[{\"@type\":\"WebPage\",\"@id\":\"https:\/\/www.adriabandiere.com\/fr\/pte-2018\/\",\"url\":\"https:\/\/www.adriabandiere.com\/fr\/pte-2018\/\",\"name\":\"PTE 2018 - AdriaBandiere\",\"isPartOf\":{\"@id\":\"https:\/\/www.adriabandiere.com\/fr\/#website\"},\"datePublished\":\"2018-01-16T11:16:00+00:00\",\"dateModified\":\"2021-02-02T09:57:52+00:00\",\"author\":{\"@id\":\"https:\/\/www.adriabandiere.com\/fr\/#\/schema\/person\/51d808b278ffcdf5624f1309ade4bbb9\"},\"inLanguage\":\"fr-FR\",\"potentialAction\":[{\"@type\":\"ReadAction\",\"target\":[\"https:\/\/www.adriabandiere.com\/fr\/pte-2018\/\"]}]},{\"@type\":\"WebSite\",\"@id\":\"https:\/\/www.adriabandiere.com\/fr\/#website\",\"url\":\"https:\/\/www.adriabandiere.com\/fr\/\",\"name\":\"Adria Bandiere\",\"description\":\"\",\"potentialAction\":[{\"@type\":\"SearchAction\",\"target\":{\"@type\":\"EntryPoint\",\"urlTemplate\":\"https:\/\/www.adriabandiere.com\/fr\/?s={search_term_string}\"},\"query-input\":\"required name=search_term_string\"}],\"inLanguage\":\"fr-FR\"},{\"@type\":\"Person\",\"@id\":\"https:\/\/www.adriabandiere.com\/fr\/#\/schema\/person\/51d808b278ffcdf5624f1309ade4bbb9\",\"name\":\"Gianluca Imperio\",\"image\":{\"@type\":\"ImageObject\",\"inLanguage\":\"fr-FR\",\"@id\":\"https:\/\/www.adriabandiere.com\/fr\/#\/schema\/person\/image\/\",\"url\":\"https:\/\/secure.gravatar.com\/avatar\/7087ee19eddfea4dba01e6c0909fc49fa67d063ae41e5b3f382a2d2ee250dcdb?s=96&d=mm&r=g\",\"contentUrl\":\"https:\/\/secure.gravatar.com\/avatar\/7087ee19eddfea4dba01e6c0909fc49fa67d063ae41e5b3f382a2d2ee250dcdb?s=96&d=mm&r=g\",\"caption\":\"Gianluca Imperio\"}}]}<\/script>\n<!-- \/ Yoast SEO Premium plugin. -->","yoast_head_json":{"title":"PTE 2018 - AdriaBandiere","robots":{"index":"index","follow":"follow","max-snippet":"max-snippet:-1","max-image-preview":"max-image-preview:large","max-video-preview":"max-video-preview:-1"},"canonical":"https:\/\/www.adriabandiere.com\/fr\/pte-2018\/","og_locale":"fr_FR","og_type":"article","og_title":"PTE 2018","og_description":"C&rsquo;est avec grand plaisir que nous informons nos clients que nous serons \u00e0 nouveau pr\u00e9sents cette ann\u00e9e, du 24 au 26 janvier 2018, au PTE&hellip;","og_url":"https:\/\/www.adriabandiere.com\/fr\/pte-2018\/","og_site_name":"Adria Bandiere","article_published_time":"2018-01-16T11:16:00+00:00","article_modified_time":"2021-02-02T09:57:52+00:00","og_image":[{"width":1283,"height":826,"url":"https:\/\/www.adriabandiere.com\/wp-content\/uploads\/2018\/01\/pte-milano.png","type":"image\/png"}],"author":"Gianluca Imperio","twitter_card":"summary_large_image","twitter_misc":{"\u00c9crit par":"Gianluca Imperio","Dur\u00e9e de lecture estim\u00e9e":"1 minute"},"schema":{"@context":"https:\/\/schema.org","@graph":[{"@type":"WebPage","@id":"https:\/\/www.adriabandiere.com\/fr\/pte-2018\/","url":"https:\/\/www.adriabandiere.com\/fr\/pte-2018\/","name":"PTE 2018 - AdriaBandiere","isPartOf":{"@id":"https:\/\/www.adriabandiere.com\/fr\/#website"},"datePublished":"2018-01-16T11:16:00+00:00","dateModified":"2021-02-02T09:57:52+00:00","author":{"@id":"https:\/\/www.adriabandiere.com\/fr\/#\/schema\/person\/51d808b278ffcdf5624f1309ade4bbb9"},"inLanguage":"fr-FR","potentialAction":[{"@type":"ReadAction","target":["https:\/\/www.adriabandiere.com\/fr\/pte-2018\/"]}]},{"@type":"WebSite","@id":"https:\/\/www.adriabandiere.com\/fr\/#website","url":"https:\/\/www.adriabandiere.com\/fr\/","name":"Adria Bandiere","description":"","potentialAction":[{"@type":"SearchAction","target":{"@type":"EntryPoint","urlTemplate":"https:\/\/www.adriabandiere.com\/fr\/?s={search_term_string}"},"query-input":"required name=search_term_string"}],"inLanguage":"fr-FR"},{"@type":"Person","@id":"https:\/\/www.adriabandiere.com\/fr\/#\/schema\/person\/51d808b278ffcdf5624f1309ade4bbb9","name":"Gianluca Imperio","image":{"@type":"ImageObject","inLanguage":"fr-FR","@id":"https:\/\/www.adriabandiere.com\/fr\/#\/schema\/person\/image\/","url":"https:\/\/secure.gravatar.com\/avatar\/7087ee19eddfea4dba01e6c0909fc49fa67d063ae41e5b3f382a2d2ee250dcdb?s=96&d=mm&r=g","contentUrl":"https:\/\/secure.gravatar.com\/avatar\/7087ee19eddfea4dba01e6c0909fc49fa67d063ae41e5b3f382a2d2ee250dcdb?s=96&d=mm&r=g","caption":"Gianluca Imperio"}}]}},"_links":{"self":[{"href":"https:\/\/www.adriabandiere.com\/fr\/wp-json\/wp\/v2\/posts\/47171","targetHints":{"allow":["GET"]}}],"collection":[{"href":"https:\/\/www.adriabandiere.com\/fr\/wp-json\/wp\/v2\/posts"}],"about":[{"href":"https:\/\/www.adriabandiere.com\/fr\/wp-json\/wp\/v2\/types\/post"}],"author":[{"embeddable":true,"href":"https:\/\/www.adriabandiere.com\/fr\/wp-json\/wp\/v2\/users\/19"}],"replies":[{"embeddable":true,"href":"https:\/\/www.adriabandiere.com\/fr\/wp-json\/wp\/v2\/comments?post=47171"}],"version-history":[{"count":1,"href":"https:\/\/www.adriabandiere.com\/fr\/wp-json\/wp\/v2\/posts\/47171\/revisions"}],"predecessor-version":[{"id":52902,"href":"https:\/\/www.adriabandiere.com\/fr\/wp-json\/wp\/v2\/posts\/47171\/revisions\/52902"}],"wp:featuredmedia":[{"embeddable":true,"href":"https:\/\/www.adriabandiere.com\/fr\/wp-json\/wp\/v2\/media\/47172"}],"wp:attachment":[{"href":"https:\/\/www.adriabandiere.com\/fr\/wp-json\/wp\/v2\/media?parent=47171"}],"wp:term":[{"taxonomy":"category","embeddable":true,"href":"https:\/\/www.adriabandiere.com\/fr\/wp-json\/wp\/v2\/categories?post=47171"},{"taxonomy":"post_tag","embeddable":true,"href":"https:\/\/www.adriabandiere.com\/fr\/wp-json\/wp\/v2\/tags?post=47171"}],"curies":[{"name":"wp","href":"https:\/\/api.w.org\/{rel}","templated":true}]}}