{"id":56476,"date":"2024-12-16T09:00:00","date_gmt":"2024-12-16T08:00:00","guid":{"rendered":"https:\/\/www.adriabandiere.com\/?p=56476"},"modified":"2025-03-24T11:05:26","modified_gmt":"2025-03-24T10:05:26","slug":"%f0%9f%8e%84felices-fiestas-de-parte-de-adria-bandiere%f0%9f%8e%84","status":"publish","type":"post","link":"https:\/\/www.adriabandiere.com\/es\/%f0%9f%8e%84felices-fiestas-de-parte-de-adria-bandiere%f0%9f%8e%84\/","title":{"rendered":"\ud83c\udf84\u00a1Felices Fiestas de parte de Adria Bandiere!\ud83c\udf84"},"content":{"rendered":"\n<p>Les informamos que nuestras oficinas permanecer\u00e1n cerradas desde el <strong>21 de diciembre hasta el 7 de enero<\/strong> por las fiestas navide\u00f1as.<\/p>\n\n\n\n<p>Reanudaremos nuestras actividades normales a partir del <strong>8 de enero de 2025<\/strong>.<\/p>\n\n\n\n<p>Aprovechamos la ocasi\u00f3n para agradecerles su confianza y desearles una feliz Navidad y un pr\u00f3spero A\u00f1o Nuevo. \ud83c\udf81\ud83c\udf85<\/p>\n\n\n\n<p>\u00a1Nos vemos en 2025 con muchas novedades! \ud83c\udf1f<\/p>\n","protected":false},"excerpt":{"rendered":"<p>Les informamos que nuestras oficinas permanecer\u00e1n cerradas desde el 21 de diciembre hasta el 7 de enero por las fiestas navide\u00f1as. Reanudaremos nuestras actividades normales&hellip;<\/p>\n","protected":false},"author":42,"featured_media":56465,"comment_status":"open","ping_status":"open","sticky":false,"template":"","format":"standard","meta":{"_acf_changed":false,"ngg_post_thumbnail":0,"footnotes":""},"categories":[],"tags":[],"class_list":["post-56476","post","type-post","status-publish","format-standard","has-post-thumbnail","hentry"],"acf":[],"yoast_head":"<!-- This site is optimized with the Yoast SEO Premium plugin v20.11 (Yoast SEO v20.11) - https:\/\/yoast.com\/wordpress\/plugins\/seo\/ -->\n<title>\ud83c\udf84\u00a1Felices Fiestas de parte de Adria Bandiere!\ud83c\udf84 - AdriaBandiere<\/title>\n<meta name=\"robots\" content=\"index, follow, max-snippet:-1, max-image-preview:large, max-video-preview:-1\" \/>\n<link rel=\"canonical\" href=\"https:\/\/www.adriabandiere.com\/es\/%f0%9f%8e%84felices-fiestas-de-parte-de-adria-bandiere%f0%9f%8e%84\/\" \/>\n<meta property=\"og:locale\" content=\"es_ES\" \/>\n<meta property=\"og:type\" content=\"article\" \/>\n<meta property=\"og:title\" content=\"\ud83c\udf84\u00a1Felices Fiestas de parte de Adria Bandiere!\ud83c\udf84\" \/>\n<meta property=\"og:description\" content=\"Les informamos que nuestras oficinas permanecer\u00e1n cerradas desde el 21 de diciembre hasta el 7 de enero por las fiestas navide\u00f1as. Reanudaremos nuestras actividades normales&hellip;\" \/>\n<meta property=\"og:url\" content=\"https:\/\/www.adriabandiere.com\/es\/%f0%9f%8e%84felices-fiestas-de-parte-de-adria-bandiere%f0%9f%8e%84\/\" \/>\n<meta property=\"og:site_name\" content=\"Adria Bandiere\" \/>\n<meta property=\"article:published_time\" content=\"2024-12-16T08:00:00+00:00\" \/>\n<meta property=\"article:modified_time\" content=\"2025-03-24T10:05:26+00:00\" \/>\n<meta property=\"og:image\" content=\"https:\/\/www.adriabandiere.com\/wp-content\/uploads\/2024\/12\/Red-and-Green-Illustrative-Merry-Christmas-Flyer-1080-x-1080-px.png\" \/>\n\t<meta property=\"og:image:width\" content=\"1080\" \/>\n\t<meta property=\"og:image:height\" content=\"1080\" \/>\n\t<meta property=\"og:image:type\" content=\"image\/png\" \/>\n<meta name=\"author\" content=\"Sara.Adriabandiere\" \/>\n<meta name=\"twitter:card\" content=\"summary_large_image\" \/>\n<meta name=\"twitter:label1\" content=\"Escrito por\" \/>\n\t<meta name=\"twitter:data1\" content=\"Sara.Adriabandiere\" \/>\n<script type=\"application\/ld+json\" class=\"yoast-schema-graph\">{\"@context\":\"https:\/\/schema.org\",\"@graph\":[{\"@type\":\"WebPage\",\"@id\":\"https:\/\/www.adriabandiere.com\/es\/%f0%9f%8e%84felices-fiestas-de-parte-de-adria-bandiere%f0%9f%8e%84\/\",\"url\":\"https:\/\/www.adriabandiere.com\/es\/%f0%9f%8e%84felices-fiestas-de-parte-de-adria-bandiere%f0%9f%8e%84\/\",\"name\":\"\ud83c\udf84\u00a1Felices Fiestas de parte de Adria Bandiere!\ud83c\udf84 - AdriaBandiere\",\"isPartOf\":{\"@id\":\"https:\/\/www.adriabandiere.com\/es\/#website\"},\"datePublished\":\"2024-12-16T08:00:00+00:00\",\"dateModified\":\"2025-03-24T10:05:26+00:00\",\"author\":{\"@id\":\"https:\/\/www.adriabandiere.com\/es\/#\/schema\/person\/e84496d06d845d509dcc90c0971893a4\"},\"inLanguage\":\"es\",\"potentialAction\":[{\"@type\":\"ReadAction\",\"target\":[\"https:\/\/www.adriabandiere.com\/es\/%f0%9f%8e%84felices-fiestas-de-parte-de-adria-bandiere%f0%9f%8e%84\/\"]}]},{\"@type\":\"WebSite\",\"@id\":\"https:\/\/www.adriabandiere.com\/es\/#website\",\"url\":\"https:\/\/www.adriabandiere.com\/es\/\",\"name\":\"Adria Bandiere\",\"description\":\"\",\"potentialAction\":[{\"@type\":\"SearchAction\",\"target\":{\"@type\":\"EntryPoint\",\"urlTemplate\":\"https:\/\/www.adriabandiere.com\/es\/?s={search_term_string}\"},\"query-input\":\"required name=search_term_string\"}],\"inLanguage\":\"es\"},{\"@type\":\"Person\",\"@id\":\"https:\/\/www.adriabandiere.com\/es\/#\/schema\/person\/e84496d06d845d509dcc90c0971893a4\",\"name\":\"Sara.Adriabandiere\",\"image\":{\"@type\":\"ImageObject\",\"inLanguage\":\"es\",\"@id\":\"https:\/\/www.adriabandiere.com\/es\/#\/schema\/person\/image\/\",\"url\":\"https:\/\/secure.gravatar.com\/avatar\/1fea0d6362ac5b10de9ba2cf0527c8dcfc2222a33dfce98535adfe04c6874659?s=96&d=mm&r=g\",\"contentUrl\":\"https:\/\/secure.gravatar.com\/avatar\/1fea0d6362ac5b10de9ba2cf0527c8dcfc2222a33dfce98535adfe04c6874659?s=96&d=mm&r=g\",\"caption\":\"Sara.Adriabandiere\"}}]}<\/script>\n<!-- \/ Yoast SEO Premium plugin. -->","yoast_head_json":{"title":"\ud83c\udf84\u00a1Felices Fiestas de parte de Adria Bandiere!\ud83c\udf84 - AdriaBandiere","robots":{"index":"index","follow":"follow","max-snippet":"max-snippet:-1","max-image-preview":"max-image-preview:large","max-video-preview":"max-video-preview:-1"},"canonical":"https:\/\/www.adriabandiere.com\/es\/%f0%9f%8e%84felices-fiestas-de-parte-de-adria-bandiere%f0%9f%8e%84\/","og_locale":"es_ES","og_type":"article","og_title":"\ud83c\udf84\u00a1Felices Fiestas de parte de Adria Bandiere!\ud83c\udf84","og_description":"Les informamos que nuestras oficinas permanecer\u00e1n cerradas desde el 21 de diciembre hasta el 7 de enero por las fiestas navide\u00f1as. Reanudaremos nuestras actividades normales&hellip;","og_url":"https:\/\/www.adriabandiere.com\/es\/%f0%9f%8e%84felices-fiestas-de-parte-de-adria-bandiere%f0%9f%8e%84\/","og_site_name":"Adria Bandiere","article_published_time":"2024-12-16T08:00:00+00:00","article_modified_time":"2025-03-24T10:05:26+00:00","og_image":[{"width":1080,"height":1080,"url":"https:\/\/www.adriabandiere.com\/wp-content\/uploads\/2024\/12\/Red-and-Green-Illustrative-Merry-Christmas-Flyer-1080-x-1080-px.png","type":"image\/png"}],"author":"Sara.Adriabandiere","twitter_card":"summary_large_image","twitter_misc":{"Escrito por":"Sara.Adriabandiere"},"schema":{"@context":"https:\/\/schema.org","@graph":[{"@type":"WebPage","@id":"https:\/\/www.adriabandiere.com\/es\/%f0%9f%8e%84felices-fiestas-de-parte-de-adria-bandiere%f0%9f%8e%84\/","url":"https:\/\/www.adriabandiere.com\/es\/%f0%9f%8e%84felices-fiestas-de-parte-de-adria-bandiere%f0%9f%8e%84\/","name":"\ud83c\udf84\u00a1Felices Fiestas de parte de Adria Bandiere!\ud83c\udf84 - AdriaBandiere","isPartOf":{"@id":"https:\/\/www.adriabandiere.com\/es\/#website"},"datePublished":"2024-12-16T08:00:00+00:00","dateModified":"2025-03-24T10:05:26+00:00","author":{"@id":"https:\/\/www.adriabandiere.com\/es\/#\/schema\/person\/e84496d06d845d509dcc90c0971893a4"},"inLanguage":"es","potentialAction":[{"@type":"ReadAction","target":["https:\/\/www.adriabandiere.com\/es\/%f0%9f%8e%84felices-fiestas-de-parte-de-adria-bandiere%f0%9f%8e%84\/"]}]},{"@type":"WebSite","@id":"https:\/\/www.adriabandiere.com\/es\/#website","url":"https:\/\/www.adriabandiere.com\/es\/","name":"Adria Bandiere","description":"","potentialAction":[{"@type":"SearchAction","target":{"@type":"EntryPoint","urlTemplate":"https:\/\/www.adriabandiere.com\/es\/?s={search_term_string}"},"query-input":"required name=search_term_string"}],"inLanguage":"es"},{"@type":"Person","@id":"https:\/\/www.adriabandiere.com\/es\/#\/schema\/person\/e84496d06d845d509dcc90c0971893a4","name":"Sara.Adriabandiere","image":{"@type":"ImageObject","inLanguage":"es","@id":"https:\/\/www.adriabandiere.com\/es\/#\/schema\/person\/image\/","url":"https:\/\/secure.gravatar.com\/avatar\/1fea0d6362ac5b10de9ba2cf0527c8dcfc2222a33dfce98535adfe04c6874659?s=96&d=mm&r=g","contentUrl":"https:\/\/secure.gravatar.com\/avatar\/1fea0d6362ac5b10de9ba2cf0527c8dcfc2222a33dfce98535adfe04c6874659?s=96&d=mm&r=g","caption":"Sara.Adriabandiere"}}]}},"_links":{"self":[{"href":"https:\/\/www.adriabandiere.com\/es\/wp-json\/wp\/v2\/posts\/56476","targetHints":{"allow":["GET"]}}],"collection":[{"href":"https:\/\/www.adriabandiere.com\/es\/wp-json\/wp\/v2\/posts"}],"about":[{"href":"https:\/\/www.adriabandiere.com\/es\/wp-json\/wp\/v2\/types\/post"}],"author":[{"embeddable":true,"href":"https:\/\/www.adriabandiere.com\/es\/wp-json\/wp\/v2\/users\/42"}],"replies":[{"embeddable":true,"href":"https:\/\/www.adriabandiere.com\/es\/wp-json\/wp\/v2\/comments?post=56476"}],"version-history":[{"count":1,"href":"https:\/\/www.adriabandiere.com\/es\/wp-json\/wp\/v2\/posts\/56476\/revisions"}],"predecessor-version":[{"id":56478,"href":"https:\/\/www.adriabandiere.com\/es\/wp-json\/wp\/v2\/posts\/56476\/revisions\/56478"}],"wp:featuredmedia":[{"embeddable":true,"href":"https:\/\/www.adriabandiere.com\/es\/wp-json\/wp\/v2\/media\/56465"}],"wp:attachment":[{"href":"https:\/\/www.adriabandiere.com\/es\/wp-json\/wp\/v2\/media?parent=56476"}],"wp:term":[{"taxonomy":"category","embeddable":true,"href":"https:\/\/www.adriabandiere.com\/es\/wp-json\/wp\/v2\/categories?post=56476"},{"taxonomy":"post_tag","embeddable":true,"href":"https:\/\/www.adriabandiere.com\/es\/wp-json\/wp\/v2\/tags?post=56476"}],"curies":[{"name":"wp","href":"https:\/\/api.w.org\/{rel}","templated":true}]}}