{"id":47234,"date":"2017-01-15T12:17:00","date_gmt":"2017-01-15T11:17:00","guid":{"rendered":"https:\/\/labs.giamaica.app\/webit\/adriabandiere.com\/agradecemos-su-visita-a-nuestro-stand-en-pte-2017\/"},"modified":"2021-02-02T11:55:15","modified_gmt":"2021-02-02T10:55:15","slug":"agradecemos-su-visita-a-nuestro-stand-en-pte-2017","status":"publish","type":"post","link":"https:\/\/www.adriabandiere.com\/es\/agradecemos-su-visita-a-nuestro-stand-en-pte-2017\/","title":{"rendered":"Agradecemos su visita a nuestro stand en PTE 2017"},"content":{"rendered":"<p>Agradecemos a todos la gran participaci\u00f3n en nuestro stand en la pasada edici\u00f3n del PTE de Mil\u00e1n, del que estamos muy satisfechos por todos los comentarios positivos obtenidos. Esperamos poder cooperar con todos ustedes pronto.<\/p>\n","protected":false},"excerpt":{"rendered":"<p>Agradecemos a todos la gran participaci\u00f3n en nuestro stand en la pasada edici\u00f3n del PTE de Mil\u00e1n, del que estamos muy satisfechos por todos los&hellip;<\/p>\n","protected":false},"author":19,"featured_media":0,"comment_status":"open","ping_status":"open","sticky":false,"template":"","format":"standard","meta":{"_acf_changed":false,"ngg_post_thumbnail":0,"footnotes":""},"categories":[37],"tags":[],"class_list":["post-47234","post","type-post","status-publish","format-standard","hentry","category-eventi-e-fiere"],"acf":[],"yoast_head":"<!-- This site is optimized with the Yoast SEO Premium plugin v20.11 (Yoast SEO v20.11) - https:\/\/yoast.com\/wordpress\/plugins\/seo\/ -->\n<title>Agradecemos su visita a nuestro stand en PTE 2017 - AdriaBandiere<\/title>\n<meta name=\"robots\" content=\"index, follow, max-snippet:-1, max-image-preview:large, max-video-preview:-1\" \/>\n<link rel=\"canonical\" href=\"https:\/\/www.adriabandiere.com\/es\/agradecemos-su-visita-a-nuestro-stand-en-pte-2017\/\" \/>\n<meta property=\"og:locale\" content=\"es_ES\" \/>\n<meta property=\"og:type\" content=\"article\" \/>\n<meta property=\"og:title\" content=\"Agradecemos su visita a nuestro stand en PTE 2017\" \/>\n<meta property=\"og:description\" content=\"Agradecemos a todos la gran participaci\u00f3n en nuestro stand en la pasada edici\u00f3n del PTE de Mil\u00e1n, del que estamos muy satisfechos por todos los&hellip;\" \/>\n<meta property=\"og:url\" content=\"https:\/\/www.adriabandiere.com\/es\/agradecemos-su-visita-a-nuestro-stand-en-pte-2017\/\" \/>\n<meta property=\"og:site_name\" content=\"Adria Bandiere\" \/>\n<meta property=\"article:published_time\" content=\"2017-01-15T11:17:00+00:00\" \/>\n<meta property=\"article:modified_time\" content=\"2021-02-02T10:55:15+00:00\" \/>\n<meta name=\"author\" content=\"Gianluca Imperio\" \/>\n<meta name=\"twitter:card\" content=\"summary_large_image\" \/>\n<meta name=\"twitter:label1\" content=\"Escrito por\" \/>\n\t<meta name=\"twitter:data1\" content=\"Gianluca Imperio\" \/>\n\t<meta name=\"twitter:label2\" content=\"Tiempo de lectura\" \/>\n\t<meta name=\"twitter:data2\" content=\"1 minuto\" \/>\n<script type=\"application\/ld+json\" class=\"yoast-schema-graph\">{\"@context\":\"https:\/\/schema.org\",\"@graph\":[{\"@type\":\"WebPage\",\"@id\":\"https:\/\/www.adriabandiere.com\/es\/agradecemos-su-visita-a-nuestro-stand-en-pte-2017\/\",\"url\":\"https:\/\/www.adriabandiere.com\/es\/agradecemos-su-visita-a-nuestro-stand-en-pte-2017\/\",\"name\":\"Agradecemos su visita a nuestro stand en PTE 2017 - AdriaBandiere\",\"isPartOf\":{\"@id\":\"https:\/\/www.adriabandiere.com\/es\/#website\"},\"datePublished\":\"2017-01-15T11:17:00+00:00\",\"dateModified\":\"2021-02-02T10:55:15+00:00\",\"author\":{\"@id\":\"https:\/\/www.adriabandiere.com\/es\/#\/schema\/person\/51d808b278ffcdf5624f1309ade4bbb9\"},\"inLanguage\":\"es\",\"potentialAction\":[{\"@type\":\"ReadAction\",\"target\":[\"https:\/\/www.adriabandiere.com\/es\/agradecemos-su-visita-a-nuestro-stand-en-pte-2017\/\"]}]},{\"@type\":\"WebSite\",\"@id\":\"https:\/\/www.adriabandiere.com\/es\/#website\",\"url\":\"https:\/\/www.adriabandiere.com\/es\/\",\"name\":\"Adria Bandiere\",\"description\":\"\",\"potentialAction\":[{\"@type\":\"SearchAction\",\"target\":{\"@type\":\"EntryPoint\",\"urlTemplate\":\"https:\/\/www.adriabandiere.com\/es\/?s={search_term_string}\"},\"query-input\":\"required name=search_term_string\"}],\"inLanguage\":\"es\"},{\"@type\":\"Person\",\"@id\":\"https:\/\/www.adriabandiere.com\/es\/#\/schema\/person\/51d808b278ffcdf5624f1309ade4bbb9\",\"name\":\"Gianluca Imperio\",\"image\":{\"@type\":\"ImageObject\",\"inLanguage\":\"es\",\"@id\":\"https:\/\/www.adriabandiere.com\/es\/#\/schema\/person\/image\/\",\"url\":\"https:\/\/secure.gravatar.com\/avatar\/7087ee19eddfea4dba01e6c0909fc49fa67d063ae41e5b3f382a2d2ee250dcdb?s=96&d=mm&r=g\",\"contentUrl\":\"https:\/\/secure.gravatar.com\/avatar\/7087ee19eddfea4dba01e6c0909fc49fa67d063ae41e5b3f382a2d2ee250dcdb?s=96&d=mm&r=g\",\"caption\":\"Gianluca Imperio\"}}]}<\/script>\n<!-- \/ Yoast SEO Premium plugin. -->","yoast_head_json":{"title":"Agradecemos su visita a nuestro stand en PTE 2017 - AdriaBandiere","robots":{"index":"index","follow":"follow","max-snippet":"max-snippet:-1","max-image-preview":"max-image-preview:large","max-video-preview":"max-video-preview:-1"},"canonical":"https:\/\/www.adriabandiere.com\/es\/agradecemos-su-visita-a-nuestro-stand-en-pte-2017\/","og_locale":"es_ES","og_type":"article","og_title":"Agradecemos su visita a nuestro stand en PTE 2017","og_description":"Agradecemos a todos la gran participaci\u00f3n en nuestro stand en la pasada edici\u00f3n del PTE de Mil\u00e1n, del que estamos muy satisfechos por todos los&hellip;","og_url":"https:\/\/www.adriabandiere.com\/es\/agradecemos-su-visita-a-nuestro-stand-en-pte-2017\/","og_site_name":"Adria Bandiere","article_published_time":"2017-01-15T11:17:00+00:00","article_modified_time":"2021-02-02T10:55:15+00:00","author":"Gianluca Imperio","twitter_card":"summary_large_image","twitter_misc":{"Escrito por":"Gianluca Imperio","Tiempo de lectura":"1 minuto"},"schema":{"@context":"https:\/\/schema.org","@graph":[{"@type":"WebPage","@id":"https:\/\/www.adriabandiere.com\/es\/agradecemos-su-visita-a-nuestro-stand-en-pte-2017\/","url":"https:\/\/www.adriabandiere.com\/es\/agradecemos-su-visita-a-nuestro-stand-en-pte-2017\/","name":"Agradecemos su visita a nuestro stand en PTE 2017 - AdriaBandiere","isPartOf":{"@id":"https:\/\/www.adriabandiere.com\/es\/#website"},"datePublished":"2017-01-15T11:17:00+00:00","dateModified":"2021-02-02T10:55:15+00:00","author":{"@id":"https:\/\/www.adriabandiere.com\/es\/#\/schema\/person\/51d808b278ffcdf5624f1309ade4bbb9"},"inLanguage":"es","potentialAction":[{"@type":"ReadAction","target":["https:\/\/www.adriabandiere.com\/es\/agradecemos-su-visita-a-nuestro-stand-en-pte-2017\/"]}]},{"@type":"WebSite","@id":"https:\/\/www.adriabandiere.com\/es\/#website","url":"https:\/\/www.adriabandiere.com\/es\/","name":"Adria Bandiere","description":"","potentialAction":[{"@type":"SearchAction","target":{"@type":"EntryPoint","urlTemplate":"https:\/\/www.adriabandiere.com\/es\/?s={search_term_string}"},"query-input":"required name=search_term_string"}],"inLanguage":"es"},{"@type":"Person","@id":"https:\/\/www.adriabandiere.com\/es\/#\/schema\/person\/51d808b278ffcdf5624f1309ade4bbb9","name":"Gianluca Imperio","image":{"@type":"ImageObject","inLanguage":"es","@id":"https:\/\/www.adriabandiere.com\/es\/#\/schema\/person\/image\/","url":"https:\/\/secure.gravatar.com\/avatar\/7087ee19eddfea4dba01e6c0909fc49fa67d063ae41e5b3f382a2d2ee250dcdb?s=96&d=mm&r=g","contentUrl":"https:\/\/secure.gravatar.com\/avatar\/7087ee19eddfea4dba01e6c0909fc49fa67d063ae41e5b3f382a2d2ee250dcdb?s=96&d=mm&r=g","caption":"Gianluca Imperio"}}]}},"_links":{"self":[{"href":"https:\/\/www.adriabandiere.com\/es\/wp-json\/wp\/v2\/posts\/47234","targetHints":{"allow":["GET"]}}],"collection":[{"href":"https:\/\/www.adriabandiere.com\/es\/wp-json\/wp\/v2\/posts"}],"about":[{"href":"https:\/\/www.adriabandiere.com\/es\/wp-json\/wp\/v2\/types\/post"}],"author":[{"embeddable":true,"href":"https:\/\/www.adriabandiere.com\/es\/wp-json\/wp\/v2\/users\/19"}],"replies":[{"embeddable":true,"href":"https:\/\/www.adriabandiere.com\/es\/wp-json\/wp\/v2\/comments?post=47234"}],"version-history":[{"count":1,"href":"https:\/\/www.adriabandiere.com\/es\/wp-json\/wp\/v2\/posts\/47234\/revisions"}],"predecessor-version":[{"id":52966,"href":"https:\/\/www.adriabandiere.com\/es\/wp-json\/wp\/v2\/posts\/47234\/revisions\/52966"}],"wp:attachment":[{"href":"https:\/\/www.adriabandiere.com\/es\/wp-json\/wp\/v2\/media?parent=47234"}],"wp:term":[{"taxonomy":"category","embeddable":true,"href":"https:\/\/www.adriabandiere.com\/es\/wp-json\/wp\/v2\/categories?post=47234"},{"taxonomy":"post_tag","embeddable":true,"href":"https:\/\/www.adriabandiere.com\/es\/wp-json\/wp\/v2\/tags?post=47234"}],"curies":[{"name":"wp","href":"https:\/\/api.w.org\/{rel}","templated":true}]}}