{"id":55973,"date":"2024-01-22T12:07:02","date_gmt":"2024-01-22T11:07:02","guid":{"rendered":"https:\/\/www.adriabandiere.com\/?p=55973"},"modified":"2024-01-22T12:07:08","modified_gmt":"2024-01-22T11:07:08","slug":"pte-mailand-30-januar-1-februar","status":"publish","type":"post","link":"https:\/\/www.adriabandiere.com\/de\/pte-mailand-30-januar-1-februar\/","title":{"rendered":"PTE, Mailand 30. Januar \u2013 1. Februar"},"content":{"rendered":"\n<p>Wir freuen uns, mitteilen zu k\u00f6nnen, dass wir vom 30. Januar bis 1. Februar auf der PTE Messe in Mailand vertreten sein werden! Die Veranstaltung findet statt in Fieramilano RHO, und wir w\u00fcrden uns freuen, Sie an unserem Stand begr\u00fc\u00dfen zu d\u00fcrfen.<\/p>\n\n\n\n<p>Sie finden unseren Stand mit der Nummer F37 im Pavillons 10. Unser Team steht Ihnen zur Verf\u00fcgung, um Ihre Bed\u00fcrfnisse zu besprechen, detaillierte Informationen \u00fcber unsere Produkte bereitzustellen und die neuesten Branchennews zu teilen.<\/p>\n\n\n\n<p><\/p>\n\n\n\n<p>Vielen Dank f\u00fcr Ihr fortw\u00e4hrendes Vertrauen und Ihre Unterst\u00fctzung.<\/p>\n","protected":false},"excerpt":{"rendered":"<p>Wir freuen uns, mitteilen zu k\u00f6nnen, dass wir vom 30. Januar bis 1. Februar auf der PTE Messe in Mailand vertreten sein werden! Die Veranstaltung&hellip;<\/p>\n","protected":false},"author":19,"featured_media":55964,"comment_status":"open","ping_status":"open","sticky":false,"template":"","format":"standard","meta":{"_acf_changed":false,"ngg_post_thumbnail":0,"footnotes":""},"categories":[],"tags":[],"class_list":["post-55973","post","type-post","status-publish","format-standard","has-post-thumbnail","hentry"],"acf":[],"yoast_head":"<!-- This site is optimized with the Yoast SEO Premium plugin v20.11 (Yoast SEO v20.11) - https:\/\/yoast.com\/wordpress\/plugins\/seo\/ -->\n<title>PTE, Mailand 30. Januar \u2013 1. Februar - AdriaBandiere<\/title>\n<meta name=\"robots\" content=\"index, follow, max-snippet:-1, max-image-preview:large, max-video-preview:-1\" \/>\n<link rel=\"canonical\" href=\"https:\/\/www.adriabandiere.com\/de\/pte-mailand-30-januar-1-februar\/\" \/>\n<meta property=\"og:locale\" content=\"de_DE\" \/>\n<meta property=\"og:type\" content=\"article\" \/>\n<meta property=\"og:title\" content=\"PTE, Mailand 30. Januar \u2013 1. Februar\" \/>\n<meta property=\"og:description\" content=\"Wir freuen uns, mitteilen zu k\u00f6nnen, dass wir vom 30. Januar bis 1. Februar auf der PTE Messe in Mailand vertreten sein werden! Die Veranstaltung&hellip;\" \/>\n<meta property=\"og:url\" content=\"https:\/\/www.adriabandiere.com\/de\/pte-mailand-30-januar-1-februar\/\" \/>\n<meta property=\"og:site_name\" content=\"Adria Bandiere\" \/>\n<meta property=\"article:published_time\" content=\"2024-01-22T11:07:02+00:00\" \/>\n<meta property=\"article:modified_time\" content=\"2024-01-22T11:07:08+00:00\" \/>\n<meta property=\"og:image\" content=\"https:\/\/www.adriabandiere.com\/wp-content\/uploads\/2024\/01\/PTE.png\" \/>\n\t<meta property=\"og:image:width\" content=\"1080\" \/>\n\t<meta property=\"og:image:height\" content=\"1080\" \/>\n\t<meta property=\"og:image:type\" content=\"image\/png\" \/>\n<meta name=\"author\" content=\"Gianluca Imperio\" \/>\n<meta name=\"twitter:card\" content=\"summary_large_image\" \/>\n<meta name=\"twitter:label1\" content=\"Verfasst von\" \/>\n\t<meta name=\"twitter:data1\" content=\"Gianluca Imperio\" \/>\n<script type=\"application\/ld+json\" class=\"yoast-schema-graph\">{\"@context\":\"https:\/\/schema.org\",\"@graph\":[{\"@type\":\"WebPage\",\"@id\":\"https:\/\/www.adriabandiere.com\/de\/pte-mailand-30-januar-1-februar\/\",\"url\":\"https:\/\/www.adriabandiere.com\/de\/pte-mailand-30-januar-1-februar\/\",\"name\":\"PTE, Mailand 30. Januar \u2013 1. Februar - AdriaBandiere\",\"isPartOf\":{\"@id\":\"https:\/\/www.adriabandiere.com\/de\/#website\"},\"datePublished\":\"2024-01-22T11:07:02+00:00\",\"dateModified\":\"2024-01-22T11:07:08+00:00\",\"author\":{\"@id\":\"https:\/\/www.adriabandiere.com\/de\/#\/schema\/person\/51d808b278ffcdf5624f1309ade4bbb9\"},\"inLanguage\":\"de\",\"potentialAction\":[{\"@type\":\"ReadAction\",\"target\":[\"https:\/\/www.adriabandiere.com\/de\/pte-mailand-30-januar-1-februar\/\"]}]},{\"@type\":\"WebSite\",\"@id\":\"https:\/\/www.adriabandiere.com\/de\/#website\",\"url\":\"https:\/\/www.adriabandiere.com\/de\/\",\"name\":\"Adria Bandiere\",\"description\":\"\",\"potentialAction\":[{\"@type\":\"SearchAction\",\"target\":{\"@type\":\"EntryPoint\",\"urlTemplate\":\"https:\/\/www.adriabandiere.com\/de\/?s={search_term_string}\"},\"query-input\":\"required name=search_term_string\"}],\"inLanguage\":\"de\"},{\"@type\":\"Person\",\"@id\":\"https:\/\/www.adriabandiere.com\/de\/#\/schema\/person\/51d808b278ffcdf5624f1309ade4bbb9\",\"name\":\"Gianluca Imperio\",\"image\":{\"@type\":\"ImageObject\",\"inLanguage\":\"de\",\"@id\":\"https:\/\/www.adriabandiere.com\/de\/#\/schema\/person\/image\/\",\"url\":\"https:\/\/secure.gravatar.com\/avatar\/7087ee19eddfea4dba01e6c0909fc49fa67d063ae41e5b3f382a2d2ee250dcdb?s=96&d=mm&r=g\",\"contentUrl\":\"https:\/\/secure.gravatar.com\/avatar\/7087ee19eddfea4dba01e6c0909fc49fa67d063ae41e5b3f382a2d2ee250dcdb?s=96&d=mm&r=g\",\"caption\":\"Gianluca Imperio\"}}]}<\/script>\n<!-- \/ Yoast SEO Premium plugin. -->","yoast_head_json":{"title":"PTE, Mailand 30. Januar \u2013 1. Februar - AdriaBandiere","robots":{"index":"index","follow":"follow","max-snippet":"max-snippet:-1","max-image-preview":"max-image-preview:large","max-video-preview":"max-video-preview:-1"},"canonical":"https:\/\/www.adriabandiere.com\/de\/pte-mailand-30-januar-1-februar\/","og_locale":"de_DE","og_type":"article","og_title":"PTE, Mailand 30. Januar \u2013 1. Februar","og_description":"Wir freuen uns, mitteilen zu k\u00f6nnen, dass wir vom 30. Januar bis 1. Februar auf der PTE Messe in Mailand vertreten sein werden! Die Veranstaltung&hellip;","og_url":"https:\/\/www.adriabandiere.com\/de\/pte-mailand-30-januar-1-februar\/","og_site_name":"Adria Bandiere","article_published_time":"2024-01-22T11:07:02+00:00","article_modified_time":"2024-01-22T11:07:08+00:00","og_image":[{"width":1080,"height":1080,"url":"https:\/\/www.adriabandiere.com\/wp-content\/uploads\/2024\/01\/PTE.png","type":"image\/png"}],"author":"Gianluca Imperio","twitter_card":"summary_large_image","twitter_misc":{"Verfasst von":"Gianluca Imperio"},"schema":{"@context":"https:\/\/schema.org","@graph":[{"@type":"WebPage","@id":"https:\/\/www.adriabandiere.com\/de\/pte-mailand-30-januar-1-februar\/","url":"https:\/\/www.adriabandiere.com\/de\/pte-mailand-30-januar-1-februar\/","name":"PTE, Mailand 30. Januar \u2013 1. Februar - AdriaBandiere","isPartOf":{"@id":"https:\/\/www.adriabandiere.com\/de\/#website"},"datePublished":"2024-01-22T11:07:02+00:00","dateModified":"2024-01-22T11:07:08+00:00","author":{"@id":"https:\/\/www.adriabandiere.com\/de\/#\/schema\/person\/51d808b278ffcdf5624f1309ade4bbb9"},"inLanguage":"de","potentialAction":[{"@type":"ReadAction","target":["https:\/\/www.adriabandiere.com\/de\/pte-mailand-30-januar-1-februar\/"]}]},{"@type":"WebSite","@id":"https:\/\/www.adriabandiere.com\/de\/#website","url":"https:\/\/www.adriabandiere.com\/de\/","name":"Adria Bandiere","description":"","potentialAction":[{"@type":"SearchAction","target":{"@type":"EntryPoint","urlTemplate":"https:\/\/www.adriabandiere.com\/de\/?s={search_term_string}"},"query-input":"required name=search_term_string"}],"inLanguage":"de"},{"@type":"Person","@id":"https:\/\/www.adriabandiere.com\/de\/#\/schema\/person\/51d808b278ffcdf5624f1309ade4bbb9","name":"Gianluca Imperio","image":{"@type":"ImageObject","inLanguage":"de","@id":"https:\/\/www.adriabandiere.com\/de\/#\/schema\/person\/image\/","url":"https:\/\/secure.gravatar.com\/avatar\/7087ee19eddfea4dba01e6c0909fc49fa67d063ae41e5b3f382a2d2ee250dcdb?s=96&d=mm&r=g","contentUrl":"https:\/\/secure.gravatar.com\/avatar\/7087ee19eddfea4dba01e6c0909fc49fa67d063ae41e5b3f382a2d2ee250dcdb?s=96&d=mm&r=g","caption":"Gianluca Imperio"}}]}},"_links":{"self":[{"href":"https:\/\/www.adriabandiere.com\/de\/wp-json\/wp\/v2\/posts\/55973","targetHints":{"allow":["GET"]}}],"collection":[{"href":"https:\/\/www.adriabandiere.com\/de\/wp-json\/wp\/v2\/posts"}],"about":[{"href":"https:\/\/www.adriabandiere.com\/de\/wp-json\/wp\/v2\/types\/post"}],"author":[{"embeddable":true,"href":"https:\/\/www.adriabandiere.com\/de\/wp-json\/wp\/v2\/users\/19"}],"replies":[{"embeddable":true,"href":"https:\/\/www.adriabandiere.com\/de\/wp-json\/wp\/v2\/comments?post=55973"}],"version-history":[{"count":1,"href":"https:\/\/www.adriabandiere.com\/de\/wp-json\/wp\/v2\/posts\/55973\/revisions"}],"predecessor-version":[{"id":55975,"href":"https:\/\/www.adriabandiere.com\/de\/wp-json\/wp\/v2\/posts\/55973\/revisions\/55975"}],"wp:featuredmedia":[{"embeddable":true,"href":"https:\/\/www.adriabandiere.com\/de\/wp-json\/wp\/v2\/media\/55964"}],"wp:attachment":[{"href":"https:\/\/www.adriabandiere.com\/de\/wp-json\/wp\/v2\/media?parent=55973"}],"wp:term":[{"taxonomy":"category","embeddable":true,"href":"https:\/\/www.adriabandiere.com\/de\/wp-json\/wp\/v2\/categories?post=55973"},{"taxonomy":"post_tag","embeddable":true,"href":"https:\/\/www.adriabandiere.com\/de\/wp-json\/wp\/v2\/tags?post=55973"}],"curies":[{"name":"wp","href":"https:\/\/api.w.org\/{rel}","templated":true}]}}